{"id":2737,"date":"2025-09-17T07:31:23","date_gmt":"2025-09-17T07:31:23","guid":{"rendered":"https:\/\/sekaaleksicdoceknovegodine.rs\/?p=2737"},"modified":"2025-09-17T07:31:23","modified_gmt":"2025-09-17T07:31:23","slug":"nova-godina-trenutak-kada-otkrivamo-snagu-u-sebi","status":"publish","type":"post","link":"https:\/\/sekaaleksicdoceknovegodine.rs\/?p=2737","title":{"rendered":"Nova godina \u2013 trenutak kada otkrivamo snagu u sebi"},"content":{"rendered":"<p data-start=\"231\" data-end=\"540\">Svaka Nova godina u sebi nosi tiho obe\u0107anje. Nije to samo proslava, nije samo vatromet koji osvetljava nebo na nekoliko minuta. Nova godina je trenutak u kojem se susre\u0107emo sami sa sobom, u kojem postajemo svesni da pro\u0161lost vi\u0161e nema mo\u0107 nad nama i da sve \u0161to \u017eelimo i mo\u017eemo graditi \u2013 po\u010dinje upravo sada.<\/p>\n<h2 data-start=\"542\" data-end=\"582\">Pogled unazad \u2013 lekcije, a ne teret<\/h2>\n<p data-start=\"584\" data-end=\"849\">Kada se bli\u017ei kraj godine, prirodno je osvrnuti se iza sebe. Vidimo uspehe zbog kojih smo ponosni, ali i propu\u0161tene prilike koje su ostale da nas tiho podse\u0107aju na ono \u0161to smo \u017eeleli, a nismo ostvarili. Ali svaka Nova godina nas u\u010di da ne treba \u017ealiti, ve\u0107 u\u010diti.<\/p>\n<p data-start=\"851\" data-end=\"1121\">Pro\u0161lost nije teret koji treba nositi, ve\u0107 knjiga iz koje izvodimo pouke. Kada shvatimo da svaki poraz ima vrednost, prestajemo da se optere\u0107ujemo i po\u010dinjemo da rastemo. Nova godina je podse\u0107anje da je \u017eivot sastavljen od uspona i padova, ali da su oba jednako va\u017ena.<\/p>\n<h2 data-start=\"1123\" data-end=\"1142\">Ti\u0161ina u pono\u0107<\/h2>\n<p data-start=\"1144\" data-end=\"1391\">U trenucima dok ceo grad slavi, neposredno pre pono\u0107i, nastupi posebna ti\u0161ina. Ljudi se grle, nazdravljaju, a unutar nas samih vodi se razgovor. To je trenutak kada shvatamo \u0161ta \u017eelimo da ostavimo iza sebe i \u0161ta \u017eelimo da ponesemo u novu godinu.<\/p>\n<p data-start=\"1393\" data-end=\"1602\">U toj ti\u0161ini krije se snaga. Snaga da oprostimo, snaga da pustimo i snaga da verujemo da mo\u017eemo bolje. I upravo tada Nova godina postaje vi\u0161e od kalendarskog trenutka \u2013 ona postaje simbol unutra\u0161nje promene.<\/p>\n<h2 data-start=\"1604\" data-end=\"1633\">Svetlost kao simbol nade<\/h2>\n<p data-start=\"1635\" data-end=\"1939\">Kada nebo obasja vatromet, mnogi vide samo boje i svetlost. Ali iza te slike krije se sna\u017ena poruka \u2013 da svetlost uvek pobedi tamu, da nada uvek prona\u0111e svoj put. Svaka iskra koja se pojavi na nebu podse\u0107a nas da i u na\u0161im \u017eivotima, ma koliko tamni bili, uvek postoji razlog da verujemo u novi po\u010detak.<\/p>\n<p data-start=\"1941\" data-end=\"2101\">Nova godina nas u\u010di da nije va\u017eno koliko puta smo posrnuli, ve\u0107 koliko puta smo se podigli. A svaki vatromet je podse\u0107anje da posle tame uvek dolazi svetlost.<\/p>\n<h2 data-start=\"2103\" data-end=\"2138\">Zajedni\u0161tvo koje bri\u0161e granice<\/h2>\n<p data-start=\"2140\" data-end=\"2323\">Jedan od najlep\u0161ih aspekata Nove godine jeste ose\u0107aj zajedni\u0161tva. U istom trenutku, \u0161irom sveta, milioni ljudi broje sekunde, dele osmehe i \u017eele iste stvari \u2013 zdravlje, ljubav, mir.<\/p>\n<p data-start=\"2325\" data-end=\"2537\">Bez obzira na to gde \u017eivimo ili kojim jezikom govorimo, tog trenutka svi kucamo u istom ritmu. Nova godina bri\u0161e granice i podse\u0107a nas da pripadamo jednom istom svetu, svetu u kojem su nade i snovi univerzalni.<\/p>\n<h2 data-start=\"2539\" data-end=\"2566\">Obe\u0107anja koja osna\u017euju<\/h2>\n<p data-start=\"2568\" data-end=\"2838\">\u010cesto na prelazu iz stare u novu godinu donosimo odluke i pravimo planove. Neki obe\u0107avaju da \u0107e \u017eiveti zdravije, neki da \u0107e raditi vi\u0161e, a neki da \u0107e voleti sna\u017enije. Ali najva\u017enije obe\u0107anje koje mo\u017eemo dati sebi jeste da \u0107emo verovati u sebe i da \u0107emo biti strpljivi.<\/p>\n<p data-start=\"2840\" data-end=\"3040\">Nova godina je tu da nas podseti da promene ne dolaze preko no\u0107i, ve\u0107 da su proces. I da je dovoljno da svakog dana napravimo mali korak unapred, jer upravo ti mali koraci vode do velikih rezultata.<\/p>\n<h2 data-start=\"3042\" data-end=\"3073\">Svaki dan kao novi po\u010detak<\/h2>\n<p data-start=\"3075\" data-end=\"3265\">Iako Nova godina nosi posebnu simboliku, istina je da svaki dan ima isti potencijal. Svako jutro je nova \u0161ansa da oprostimo, da krenemo dalje, da uradimo ne\u0161to \u0161to \u0107e nas u\u010diniti ponosnim.<\/p>\n<p data-start=\"3267\" data-end=\"3496\">Kada prestanemo da \u010dekamo savr\u0161ene datume i nau\u010dimo da svaki dan vidimo kao priliku, tada zaista po\u010dinjemo da \u017eivimo punim plu\u0107ima. Nova godina je samo podsetnik da mo\u0107 promene ve\u0107 postoji u nama \u2013 svakog dana, svakog trenutka.<\/p>\n<h2 data-start=\"3498\" data-end=\"3545\">Zaklju\u010dak \u2013 Nova godina kao poziv na \u017eivot<\/h2>\n<p data-start=\"3547\" data-end=\"3813\">Nova godina nije samo slavlje. Ona je poziv da verujemo, da sanjamo i da \u017eivimo. Ona je trenutak kada odlu\u010dujemo da ne nosimo pro\u0161lost kao teret, ve\u0107 da iz nje crpimo snagu. Ona je prilika da otkrijemo ono \u0161to oduvek postoji u nama \u2013 sposobnost da verujemo u sebe.<\/p>\n<p data-start=\"3815\" data-end=\"4092\">Zato, kada slede\u0107i put otkucaju kazaljke u pono\u0107 i nebo zasvetli od vatrometa, setite se da to nije samo kraj jedne godine. To je po\u010detak pri\u010de koju tek treba da napi\u0161ete. A najlep\u0161a pri\u010da je ona u kojoj ste vi glavni junak koji veruje, koji voli i koji se nikada ne predaje.<\/p>\n","protected":false},"excerpt":{"rendered":"<p>Svaka Nova godina u sebi nosi tiho obe\u0107anje. Nije to samo proslava, nije samo vatromet koji osvetljava nebo na nekoliko minuta. Nova godina je trenutak u kojem se susre\u0107emo sami sa sobom, u kojem postajemo svesni da pro\u0161lost vi\u0161e nema mo\u0107 nad nama i da sve \u0161to \u017eelimo i mo\u017eemo graditi \u2013 po\u010dinje upravo sada. [&hellip;]<\/p>\n","protected":false},"author":1,"featured_media":0,"comment_status":"open","ping_status":"open","sticky":false,"template":"","format":"standard","meta":{"footnotes":""},"categories":[1],"tags":[],"class_list":["post-2737","post","type-post","status-publish","format-standard","hentry","category-uncategorized"],"aioseo_notices":[],"yoast_head":"<!-- This site is optimized with the Yoast SEO plugin v23.6 - https:\/\/yoast.com\/wordpress\/plugins\/seo\/ -->\n<title>Nova godina \u2013 trenutak kada otkrivamo snagu u sebi - Seka Aleksi\u0107- Do\u010dek Nove Godine<\/title>\n<meta name=\"robots\" content=\"index, follow, max-snippet:-1, max-image-preview:large, max-video-preview:-1\" \/>\n<link rel=\"canonical\" href=\"https:\/\/sekaaleksicdoceknovegodine.rs\/?p=2737\" \/>\n<meta property=\"og:locale\" content=\"en_US\" \/>\n<meta property=\"og:type\" content=\"article\" \/>\n<meta property=\"og:title\" content=\"Nova godina \u2013 trenutak kada otkrivamo snagu u sebi - Seka Aleksi\u0107- Do\u010dek Nove Godine\" \/>\n<meta property=\"og:description\" content=\"Svaka Nova godina u sebi nosi tiho obe\u0107anje. Nije to samo proslava, nije samo vatromet koji osvetljava nebo na nekoliko minuta. Nova godina je trenutak u kojem se susre\u0107emo sami sa sobom, u kojem postajemo svesni da pro\u0161lost vi\u0161e nema mo\u0107 nad nama i da sve \u0161to \u017eelimo i mo\u017eemo graditi \u2013 po\u010dinje upravo sada. [&hellip;]\" \/>\n<meta property=\"og:url\" content=\"https:\/\/sekaaleksicdoceknovegodine.rs\/?p=2737\" \/>\n<meta property=\"og:site_name\" content=\"Seka Aleksi\u0107- Do\u010dek Nove Godine\" \/>\n<meta property=\"article:published_time\" content=\"2025-09-17T07:31:23+00:00\" \/>\n<meta name=\"author\" content=\"scepa92\" \/>\n<meta name=\"twitter:card\" content=\"summary_large_image\" \/>\n<meta name=\"twitter:label1\" content=\"Written by\" \/>\n\t<meta name=\"twitter:data1\" content=\"scepa92\" \/>\n\t<meta name=\"twitter:label2\" content=\"Est. reading time\" \/>\n\t<meta name=\"twitter:data2\" content=\"3 minutes\" \/>\n<script type=\"application\/ld+json\" class=\"yoast-schema-graph\">{\"@context\":\"https:\/\/schema.org\",\"@graph\":[{\"@type\":\"WebPage\",\"@id\":\"https:\/\/sekaaleksicdoceknovegodine.rs\/?p=2737\",\"url\":\"https:\/\/sekaaleksicdoceknovegodine.rs\/?p=2737\",\"name\":\"Nova godina \u2013 trenutak kada otkrivamo snagu u sebi - Seka Aleksi\u0107- Do\u010dek Nove Godine\",\"isPartOf\":{\"@id\":\"https:\/\/sekaaleksicdoceknovegodine.rs\/#website\"},\"datePublished\":\"2025-09-17T07:31:23+00:00\",\"dateModified\":\"2025-09-17T07:31:23+00:00\",\"author\":{\"@id\":\"https:\/\/sekaaleksicdoceknovegodine.rs\/#\/schema\/person\/f59e2a2817e665593fce5745c1fa0674\"},\"breadcrumb\":{\"@id\":\"https:\/\/sekaaleksicdoceknovegodine.rs\/?p=2737#breadcrumb\"},\"inLanguage\":\"en-US\",\"potentialAction\":[{\"@type\":\"ReadAction\",\"target\":[\"https:\/\/sekaaleksicdoceknovegodine.rs\/?p=2737\"]}]},{\"@type\":\"BreadcrumbList\",\"@id\":\"https:\/\/sekaaleksicdoceknovegodine.rs\/?p=2737#breadcrumb\",\"itemListElement\":[{\"@type\":\"ListItem\",\"position\":1,\"name\":\"Home\",\"item\":\"https:\/\/sekaaleksicdoceknovegodine.rs\/\"},{\"@type\":\"ListItem\",\"position\":2,\"name\":\"Nova godina \u2013 trenutak kada otkrivamo snagu u sebi\"}]},{\"@type\":\"WebSite\",\"@id\":\"https:\/\/sekaaleksicdoceknovegodine.rs\/#website\",\"url\":\"https:\/\/sekaaleksicdoceknovegodine.rs\/\",\"name\":\"Seka Aleksi\u0107- Do\u010dek Nove Godine\",\"description\":\"\",\"potentialAction\":[{\"@type\":\"SearchAction\",\"target\":{\"@type\":\"EntryPoint\",\"urlTemplate\":\"https:\/\/sekaaleksicdoceknovegodine.rs\/?s={search_term_string}\"},\"query-input\":{\"@type\":\"PropertyValueSpecification\",\"valueRequired\":true,\"valueName\":\"search_term_string\"}}],\"inLanguage\":\"en-US\"},{\"@type\":\"Person\",\"@id\":\"https:\/\/sekaaleksicdoceknovegodine.rs\/#\/schema\/person\/f59e2a2817e665593fce5745c1fa0674\",\"name\":\"scepa92\",\"image\":{\"@type\":\"ImageObject\",\"inLanguage\":\"en-US\",\"@id\":\"https:\/\/sekaaleksicdoceknovegodine.rs\/#\/schema\/person\/image\/\",\"url\":\"https:\/\/secure.gravatar.com\/avatar\/1bcf467e534ceb008068711a5d1013083e98b9312c90460f1815ea008a551d26?s=96&d=mm&r=g\",\"contentUrl\":\"https:\/\/secure.gravatar.com\/avatar\/1bcf467e534ceb008068711a5d1013083e98b9312c90460f1815ea008a551d26?s=96&d=mm&r=g\",\"caption\":\"scepa92\"},\"sameAs\":[\"https:\/\/acopejovicdoceknovegodine.rs\"],\"url\":\"https:\/\/sekaaleksicdoceknovegodine.rs\/?author=1\"}]}<\/script>\n<!-- \/ Yoast SEO plugin. -->","yoast_head_json":{"title":"Nova godina \u2013 trenutak kada otkrivamo snagu u sebi - Seka Aleksi\u0107- Do\u010dek Nove Godine","robots":{"index":"index","follow":"follow","max-snippet":"max-snippet:-1","max-image-preview":"max-image-preview:large","max-video-preview":"max-video-preview:-1"},"canonical":"https:\/\/sekaaleksicdoceknovegodine.rs\/?p=2737","og_locale":"en_US","og_type":"article","og_title":"Nova godina \u2013 trenutak kada otkrivamo snagu u sebi - Seka Aleksi\u0107- Do\u010dek Nove Godine","og_description":"Svaka Nova godina u sebi nosi tiho obe\u0107anje. Nije to samo proslava, nije samo vatromet koji osvetljava nebo na nekoliko minuta. Nova godina je trenutak u kojem se susre\u0107emo sami sa sobom, u kojem postajemo svesni da pro\u0161lost vi\u0161e nema mo\u0107 nad nama i da sve \u0161to \u017eelimo i mo\u017eemo graditi \u2013 po\u010dinje upravo sada. [&hellip;]","og_url":"https:\/\/sekaaleksicdoceknovegodine.rs\/?p=2737","og_site_name":"Seka Aleksi\u0107- Do\u010dek Nove Godine","article_published_time":"2025-09-17T07:31:23+00:00","author":"scepa92","twitter_card":"summary_large_image","twitter_misc":{"Written by":"scepa92","Est. reading time":"3 minutes"},"schema":{"@context":"https:\/\/schema.org","@graph":[{"@type":"WebPage","@id":"https:\/\/sekaaleksicdoceknovegodine.rs\/?p=2737","url":"https:\/\/sekaaleksicdoceknovegodine.rs\/?p=2737","name":"Nova godina \u2013 trenutak kada otkrivamo snagu u sebi - Seka Aleksi\u0107- Do\u010dek Nove Godine","isPartOf":{"@id":"https:\/\/sekaaleksicdoceknovegodine.rs\/#website"},"datePublished":"2025-09-17T07:31:23+00:00","dateModified":"2025-09-17T07:31:23+00:00","author":{"@id":"https:\/\/sekaaleksicdoceknovegodine.rs\/#\/schema\/person\/f59e2a2817e665593fce5745c1fa0674"},"breadcrumb":{"@id":"https:\/\/sekaaleksicdoceknovegodine.rs\/?p=2737#breadcrumb"},"inLanguage":"en-US","potentialAction":[{"@type":"ReadAction","target":["https:\/\/sekaaleksicdoceknovegodine.rs\/?p=2737"]}]},{"@type":"BreadcrumbList","@id":"https:\/\/sekaaleksicdoceknovegodine.rs\/?p=2737#breadcrumb","itemListElement":[{"@type":"ListItem","position":1,"name":"Home","item":"https:\/\/sekaaleksicdoceknovegodine.rs\/"},{"@type":"ListItem","position":2,"name":"Nova godina \u2013 trenutak kada otkrivamo snagu u sebi"}]},{"@type":"WebSite","@id":"https:\/\/sekaaleksicdoceknovegodine.rs\/#website","url":"https:\/\/sekaaleksicdoceknovegodine.rs\/","name":"Seka Aleksi\u0107- Do\u010dek Nove Godine","description":"","potentialAction":[{"@type":"SearchAction","target":{"@type":"EntryPoint","urlTemplate":"https:\/\/sekaaleksicdoceknovegodine.rs\/?s={search_term_string}"},"query-input":{"@type":"PropertyValueSpecification","valueRequired":true,"valueName":"search_term_string"}}],"inLanguage":"en-US"},{"@type":"Person","@id":"https:\/\/sekaaleksicdoceknovegodine.rs\/#\/schema\/person\/f59e2a2817e665593fce5745c1fa0674","name":"scepa92","image":{"@type":"ImageObject","inLanguage":"en-US","@id":"https:\/\/sekaaleksicdoceknovegodine.rs\/#\/schema\/person\/image\/","url":"https:\/\/secure.gravatar.com\/avatar\/1bcf467e534ceb008068711a5d1013083e98b9312c90460f1815ea008a551d26?s=96&d=mm&r=g","contentUrl":"https:\/\/secure.gravatar.com\/avatar\/1bcf467e534ceb008068711a5d1013083e98b9312c90460f1815ea008a551d26?s=96&d=mm&r=g","caption":"scepa92"},"sameAs":["https:\/\/acopejovicdoceknovegodine.rs"],"url":"https:\/\/sekaaleksicdoceknovegodine.rs\/?author=1"}]}},"_links":{"self":[{"href":"https:\/\/sekaaleksicdoceknovegodine.rs\/index.php?rest_route=\/wp\/v2\/posts\/2737","targetHints":{"allow":["GET"]}}],"collection":[{"href":"https:\/\/sekaaleksicdoceknovegodine.rs\/index.php?rest_route=\/wp\/v2\/posts"}],"about":[{"href":"https:\/\/sekaaleksicdoceknovegodine.rs\/index.php?rest_route=\/wp\/v2\/types\/post"}],"author":[{"embeddable":true,"href":"https:\/\/sekaaleksicdoceknovegodine.rs\/index.php?rest_route=\/wp\/v2\/users\/1"}],"replies":[{"embeddable":true,"href":"https:\/\/sekaaleksicdoceknovegodine.rs\/index.php?rest_route=%2Fwp%2Fv2%2Fcomments&post=2737"}],"version-history":[{"count":1,"href":"https:\/\/sekaaleksicdoceknovegodine.rs\/index.php?rest_route=\/wp\/v2\/posts\/2737\/revisions"}],"predecessor-version":[{"id":2738,"href":"https:\/\/sekaaleksicdoceknovegodine.rs\/index.php?rest_route=\/wp\/v2\/posts\/2737\/revisions\/2738"}],"wp:attachment":[{"href":"https:\/\/sekaaleksicdoceknovegodine.rs\/index.php?rest_route=%2Fwp%2Fv2%2Fmedia&parent=2737"}],"wp:term":[{"taxonomy":"category","embeddable":true,"href":"https:\/\/sekaaleksicdoceknovegodine.rs\/index.php?rest_route=%2Fwp%2Fv2%2Fcategories&post=2737"},{"taxonomy":"post_tag","embeddable":true,"href":"https:\/\/sekaaleksicdoceknovegodine.rs\/index.php?rest_route=%2Fwp%2Fv2%2Ftags&post=2737"}],"curies":[{"name":"wp","href":"https:\/\/api.w.org\/{rel}","templated":true}]}}